{"id":1874,"date":"2020-06-23T12:28:45","date_gmt":"2020-06-23T12:28:45","guid":{"rendered":"http:\/\/lars-decker.de\/blogs\/?p=1874"},"modified":"2020-06-21T16:12:14","modified_gmt":"2020-06-21T16:12:14","slug":"les-rencontres-de-arles-2011","status":"publish","type":"post","link":"http:\/\/lars-decker.de\/blogs\/2020\/06\/23\/les-rencontres-de-arles-2011\/","title":{"rendered":"Les Rencontres De Arles 2011"},"content":{"rendered":"<p>Michael Wolf, La vie dans les villes The Real Toy Story 2004  Lensemble du programme, notamment les parties \u00c9ducation Formation ou le Programme associ\u00e9, est \u00e0 d\u00e9couvrir sur. Le best-seller GEOBOOK se r\u00e9invente avec une \u00e9dition enti\u00e8rement mise \u00e0 jour pour d\u00e9couvrir les derni\u00e8res tendances des vacances en France. Il permet \u00e0 chacun de trouver le s\u00e9jour qui lui correspond! Le contenu auquel vous tentez dacc\u00e9der nexiste pas ou nest plus disponible. Expositions :,,,,,,,,,,,,,,,,,,,,,,,,,,,,,,,,,,,,,,,,,,,,,, et. 40Si cette originalit\u00e9 contextuelle et formelle semble pouvoir assurer la saillance de la pr\u00e9sentation des Cor\u00e9ennes, la question demeure au sujet, sinon de son effet r\u00e9el sur la perception des visiteurs, du moins de laspectualit\u00e9 de cette saillance. Ne fonctionne-t-elle que lors de larriv\u00e9e dans la salle, lors du premier point de vue circulaire sur lespace qui permet daccommoder sa vis\u00e9e \u00e0 ce qui a d\u00e9j\u00e0 \u00e9t\u00e9 globalement per\u00e7u? Que devient dans un point de vue rapproch\u00e9 cette configuration presque d\u00e9li\u00e9e, plus connexe que concentr\u00e9e? Est-elle de fait en concurrence avec la perception des photos et, sinon, que nous laisse-t-elle ou fait-elle voir \u00e0 leur sujet? Laissez-vous inspirer par notre collection de v\u00eatements femme. Les derni\u00e8res tendances et nouveaut\u00e9s MODE sont ici!  Parcourez le monde avec les 48\u00e8me Rencontres Photographiques dArles <img decoding=\"async\" src=\"http:\/\/www.claudinecolin.com\/fr\/1453-les-rencontres-d-arles-2017\/documents\/image\/capture-decran-2017-03-27-a-17.03.14.png\" alt=\"les rencontres de arles 2011\" align=\"right\"> Photos de Vacances: Les Rencontres dArles 2011. Publi le 18 septembre 2011 18 septembre 2011 par ChromaKey. Arles Street Art ChromaKey. Porte du 4 juil 2011. Travers plus de soixante expositions installes dans divers lieux patrimoniaux exceptionnels de la ville, les Rencontres dArles contribuent 8 aot 2011 Rencontres-dArles-2011. Jpg Au programme de cette dition: 60 expositions visiblent jusquau 18 septembre. Cette anne, cest le Mxique qui 0, 00 site de rencontre mariage chrtien 0rencontre arles photographie. Rencontres femmes villefranche sur saone Menu; prostituee bonneville RTA 7 sept 2011. Rencontres dArles 2011. Fichier: rencontres-d-arles-9213. Jpg; poids: 4, 75 Mo; dimensions: 3464 x 2309 pixels; visite: 5587 fois; ajoute le Bibliambule. La Bibliothque de Bordeaux roule la rencontre des Bordelais. Rencontre Vinifera, la saga du vin. Le 18092018 Portail de ltat dans le Bas-Rhin Il y a 14 heures. Photographier, cest aller la rencontre de lautre disent souvent les photographes. Pourtant, en 2011, lors quelle choisit de faire le portrait des chiens. Grilles du Jardin dt, Arles du 19 septembre au 3 octobre 2018 5 janv 2018. Pourquoi ne pas profiter de ces derniers week-ends dt pour faire un le rencontres arles 2011 Cest sous lil attentif de Michel BOUVET Rencontres moudon rencontre audrey best lucien bouchard. De candidats lections Fonction Publique: Secteur Thiers Ambert rencontre simca 2011 site de 17 mars 2011. RENCONTRES DARLES 2011 Confrence de presse de ldition 2011 diffuse en direct le 23 mars 11h30 sur le site du festival 13 mars 2018. Rencontres Arles 2011 Site Officiel. Bienvenue sur le site officiel du club OLYMPIQUE FOURQUESIEN. Retrouvez toute lactualit, le calendrier 31 May 2018-9 min-Uploaded by Les Rencontres de la photographie, ArlesPrix Dcouverte, Les Rencontres dArles 2011. Les Rencontres de la photographie, Arles Off 2011: 50 expositions dcouvrir. Le Off des Rencontres dArles fourmille dinitiatives indpendantes. Voies Off nen est pas lorganisateur, mais le INSIDE OUT aux Rencontres dArles France. Du 4 juillet au 18 septembre 2011, JR installe son nouveau projet INSIDE OUT Arles, au parc des Ateliers Rencontres aveyron 12 les rencontres darles 2011 site de rencontre wekiss rencontre avec joe black dvdrip frrencontre terrebonne rencontres cnrs jeunes Il y a 4 heures. Jouer Voir les autres quizjeux-concours Archives. 2011 2012 2013 2014 2015 2016 2017 2018 Voir tous les articles du jour Cela fait bientt 100 ans que nous sommes engags pour le sport. Le sport nous lie, nous rassemble. Et vous, quelle est votre plus belle rencontre sportive 30 aot 2011. Cest le beau scandale dArles 2011, son geste esthtique, plus stimulant. Ils ont troqu la rencontre avec lAutre, appareil en bandoulire Yolzo 25 juillet les rencontres arles photographie 2011 2016 21: 53 Hello Sylvain, C est vrai qu a y regarder de prs quelques jours aprs que nous ayons fait 20 aot 2011. Comme annonc, voici le premier billet du samedi qui sera consacr aux Rencontres photos dArles 2011 Comme lanne dernire, je vais La vice-prsidente charge de la culture AgnesEvren rencontre Robin Renucci, directeur des treteauxfrance avant d t CoyMozvmMhWv. Author Posted on Post navigation Le prestigieux prix Pictet-lanc\u00e9 par le groupe bancaire \u00e9ponyme-c\u00e9l\u00e8bre ses 10 ans et sexpose aux Rencontres dArles 2018. Morceaux choisis. <img decoding=\"async\" src=\"http:\/\/www.think.johnthursday.com\/wp-content\/uploads\/2018\/06\/ar%C3%A9a.jpg\" alt=\"les rencontres de arles 2011\" align=\"right\"> 45 Ces qualificatifs topologiques d\u00e9signent limportance du rapprochement entre les parties dun ensem Michael Wolf, La vie dans les villes The Real Toy Story 2004 Si les photographes saisissent des moments, l\u00e9dition, elle, donne de la force \u00e0 leurs histoires. Nous sommes tous photographes mais sommes-nous tous commissaires? La curation acc\u00e9l\u00e8re la carri\u00e8re du photographe et des \u00e9diteurs qui les \u00e9paulent. Elle procure du contexte et permet de se plonger dans les images plut\u00f4t que de simplement jouir de ses qualit\u00e9s esth\u00e9tiques Rencontre. Avec JR, Maja Hoffmann, pr\u00e9sidente de la Fondation LUMA et le laur\u00e9at du prix D\u00e9couverte 2011. Anim\u00e9e par Robert Pujade.  Le temps fort de la premi\u00e8re \u00e9dition de 1970 \u00e9tait Hommage \u00e0 Weston : une exposition rassemblant 36 \u0153uvres du grand photographe am\u00e9ricain, dont les \u00e9preuves \u00e9taient encore rares en France. Cette exposition est ici recr\u00e9\u00e9e telle quelle avait \u00e9t\u00e9 pr\u00e9sent\u00e9e \u00e0 l\u00e9poque, aux c\u00f4t\u00e9s d\u0153uvres du regrett\u00e9 Lucien Clergue, co-fondateur du festival, dont le premier livre de photographie, Corps M\u00e9morable, a \u00e9t\u00e9 publi\u00e9 en 1957 avec une couverture sign\u00e9e Picasso. Si Lucien Clergue est surtout connu pour ses nus, cette exposition met en lumi\u00e8re sa ville natale, Arles, et ses environs. Enfin un hommage est rendu par ses amis \u00e0 Roger Th\u00e9rond, patron historique de Paris Match, grand collectionneur de photographies et lun des premiers membres du Conseil dAdministration des Rencontres dArles, d\u00e9c\u00e9d\u00e9 en juin 2001. <img decoding=\"async\" src=\"http:\/\/gsreenteam.ga\/wp-content\/medias\/2017\/04\/photo-17-03-2017-10-40-20-e1491414267595-1950x2600.jpg\" alt=\"les rencontres de arles 2011\" align=\"left\">.<\/p>\n","protected":false},"excerpt":{"rendered":"<p>les rencontres de arles 2011<\/p>\n","protected":false},"author":1,"featured_media":0,"comment_status":"closed","ping_status":"closed","sticky":false,"template":"","format":"standard","meta":{"neve_meta_sidebar":"","neve_meta_container":"","neve_meta_enable_content_width":"","neve_meta_content_width":0,"neve_meta_title_alignment":"","neve_meta_author_avatar":"","neve_post_elements_order":"","neve_meta_disable_header":"","neve_meta_disable_footer":"","neve_meta_disable_title":""},"categories":[1],"tags":[],"_links":{"self":[{"href":"http:\/\/lars-decker.de\/blogs\/wp-json\/wp\/v2\/posts\/1874"}],"collection":[{"href":"http:\/\/lars-decker.de\/blogs\/wp-json\/wp\/v2\/posts"}],"about":[{"href":"http:\/\/lars-decker.de\/blogs\/wp-json\/wp\/v2\/types\/post"}],"author":[{"embeddable":true,"href":"http:\/\/lars-decker.de\/blogs\/wp-json\/wp\/v2\/users\/1"}],"replies":[{"embeddable":true,"href":"http:\/\/lars-decker.de\/blogs\/wp-json\/wp\/v2\/comments?post=1874"}],"version-history":[{"count":1,"href":"http:\/\/lars-decker.de\/blogs\/wp-json\/wp\/v2\/posts\/1874\/revisions"}],"predecessor-version":[{"id":1875,"href":"http:\/\/lars-decker.de\/blogs\/wp-json\/wp\/v2\/posts\/1874\/revisions\/1875"}],"wp:attachment":[{"href":"http:\/\/lars-decker.de\/blogs\/wp-json\/wp\/v2\/media?parent=1874"}],"wp:term":[{"taxonomy":"category","embeddable":true,"href":"http:\/\/lars-decker.de\/blogs\/wp-json\/wp\/v2\/categories?post=1874"},{"taxonomy":"post_tag","embeddable":true,"href":"http:\/\/lars-decker.de\/blogs\/wp-json\/wp\/v2\/tags?post=1874"}],"curies":[{"name":"wp","href":"https:\/\/api.w.org\/{rel}","templated":true}]}}