{"id":1846,"date":"2020-06-23T16:09:51","date_gmt":"2020-06-23T16:09:51","guid":{"rendered":"http:\/\/lars-decker.de\/blogs\/?p=1846"},"modified":"2020-06-21T15:50:25","modified_gmt":"2020-06-21T15:50:25","slug":"rencontre-echo","status":"publish","type":"post","link":"http:\/\/lars-decker.de\/blogs\/2020\/06\/23\/rencontre-echo\/","title":{"rendered":"Rencontre Echo"},"content":{"rendered":"<p><img decoding=\"async\" src=\"http:\/\/www.mediatheque-du-warndt.net\/userfiles\/image\/Espace%20Musique\/echo_lali_affiche.jpg\" alt=\"rencontre echo\" align=\"center\"> \u00c0 ce titre, lAdar-Civam travaille en \u00e9troite collaboration avec de nombreux \u00e9leveurs du Berry qui souhaiteraient bouleverser leurs pratiques d\u00e9levage. Parmi les pistes privil\u00e9gi\u00e9es, celle du retour \u00e0 lautonomie alimentaire est largement pl\u00e9biscit\u00e9e. Concr\u00e8tement, on encourage les agriculteurs \u00e0 nourrir leurs animaux avec ce qui est produit sur leur ferme ou, au pire, sur le territoire, pr\u00e9cise Lucas Henner de lAdar-Civam. Lobjectif est de supprimer le soja, qui est import\u00e9. Mais encore une fois, beaucoup travaillent d\u00e9j\u00e0 tr\u00e8s bien. La moyenne des \u00e9leveurs de lIndre qui utilisent les bonnes pratiques est sup\u00e9rieure \u00e0 la moyenne nationale. Reste que les consommateurs ne sont pas toujours conscients de cela. La plupart ne retiennent que les scandales. Il est donc important pour les \u00e9leveurs de montrer ce quils font de bien. Cest pourquoi lAdar-Civam a d\u00e9cid\u00e9 dorganiser, lundi 18 novembre \u00e0 17 h 30 \u00e0 la salle des f\u00eates de Neuvy-Saint-S\u00e9pulchre 36, son traditionnel Carrefour biodiversit\u00e9 et alimentation sur le th\u00e8me De lherbe \u00e0 lassiette, afin de communiquer autour des bonnes pratiques des \u00e9levages berrichons. De nombreuses \u00e9tudes ont r\u00e9v\u00e9l\u00e9 que les consommateurs \u00e9taient surtout attentifs \u00e0 la question du bien-\u00eatre animal et \u00e0 la qualit\u00e9 du produit, rappelle Anne-Claude Moison, de lAdar-Civam. Il faut donc quils soutiennent les \u00e9leveurs qui travaillent bien. Dans les faits, ce prochain \u00e9v\u00e9nement sadresse donc aussi bien aux \u00e9leveurs, qui souhaiteraient en savoir plus sur les attentes des consommateurs, quau grand public qui aimerait d\u00e9couvrir les m\u00e9thodes de travail en \u00e9levage. \u00c9leveurs dans le Berry, Philippe Router et Gilles Augros viendront notamment t\u00e9moigner sur leur m\u00e9tier tandis que la sociologue Elsa Delanoue \u00e9changera avec les participants sur lavenir de l\u00e9levage. Un premier pas vers un rapprochement entre les \u00e9leveurs et le grand public.  Par ailleurs, les efforts de s\u00e9curit\u00e9 o n t rencontr\u00e9 un \u00e9cho t r\u00e8 s favorable, l es chiffres en t\u00e9moignent. Member States and recently published under the title Independent European Sport Review 2006  Absolument fabuleux par la g\u00e9n\u00e9rosit\u00e9, lhumilit\u00e9 et la pudeur de ce th\u00e9rapeute qui laisse enti\u00e8rement chacun de nous faire notre exp\u00e9rience en toute libert\u00e9 sans dirigisme aucun du processus de gu\u00e9rison!! Un grand ART et un grand HOMME!! La presse se fait \u00e9cho de la Rencontre des Responsables d\u00e9tablissements membres de lAUF 209 Constantine LEcho des salons : Rencontre avec Patrick Pasques autour de lexposition <img decoding=\"async\" src=\"http:\/\/idata.over-blog.com\/1\/53\/37\/71\/\/Baleine--bec-de-Gervais-3mai08a.JPG\" alt=\"rencontre echo\" align=\"left\"> R\u00e9alisation : Jean Renoir Fr, 1946, 40 min, 35 mm, VOF avec Sylvia Bataille, Jane Marken, Jacques B. Brunius Les deux formations r\u00e9unies sur sc\u00e8ne concluaient la soir\u00e9e, encourag\u00e9es par les applaudissements dun public enthousiaste et conquis. En toute franchise, elle a tr ou v \u00e9 peu d \u00e9cho d a ns la plupart des \u00c9tats membres. Dates : du 26 au 28 mai 2020. Lieu : Paris Expo, Porte de Versailles. Il a fallu que la col\u00e8re monte en interne, et que lid\u00e9e dune journ\u00e9e daction le 9 mars rencontre un fort \u00e9cho sur Internet pour que lintersyndicale se d\u00e9fasse des jaunes. Ce nest pas un test qui est aussi utile que \u00e7a, mais cest une couche additionnelle pour encourager les gens qui sont malades de ne pas voyager, a conclu M Trudeau. En 1973, la donna sa version de L\u00c9cole des femmes, sous la direction de. En parall\u00e8le \u00e9tait tourn\u00e9 un t\u00e9l\u00e9film, avec un metteur en sc\u00e8ne et une distribution diff\u00e9rents, \u00e0 lexception du r\u00f4le dAgn\u00e8s, interpr\u00e9t\u00e9 dans les deux cas par. La jeune com\u00e9dienne apporta \u00e0 son personnage une dimension in\u00e9dite, par sa jeunesse, la justesse et le naturel de son jeu, qui rendait visible la m\u00e9tamorphose dune enfant qui se transforme peu \u00e0 peu en femme. Autoplay When autoplay is enabled, a suggested video will automatically play next.  <img decoding=\"async\" src=\"http:\/\/enroute.umc-europe.org\/2012\/88\/_Media\/pastedgraphic-6_med_hr-2.png\" alt=\"rencontre echo\" align=\"left\"> Prends du thym et du romarin, mixe-les jusqu\u00e0 ce quils deviennent une poudre. M\u00e9lange \u00e0 la main avec le m\u00eame poids en sel. Voil\u00e0, tu as un sel aromatis\u00e9 qui va avec tout, l\u00e9gumes comme viandes, et tu ne vas plus jamais utiliser de sel classique!<\/p>\n","protected":false},"excerpt":{"rendered":"<p>rencontre echo<\/p>\n","protected":false},"author":1,"featured_media":0,"comment_status":"closed","ping_status":"closed","sticky":false,"template":"","format":"standard","meta":{"neve_meta_sidebar":"","neve_meta_container":"","neve_meta_enable_content_width":"","neve_meta_content_width":0,"neve_meta_title_alignment":"","neve_meta_author_avatar":"","neve_post_elements_order":"","neve_meta_disable_header":"","neve_meta_disable_footer":"","neve_meta_disable_title":""},"categories":[1],"tags":[],"_links":{"self":[{"href":"http:\/\/lars-decker.de\/blogs\/wp-json\/wp\/v2\/posts\/1846"}],"collection":[{"href":"http:\/\/lars-decker.de\/blogs\/wp-json\/wp\/v2\/posts"}],"about":[{"href":"http:\/\/lars-decker.de\/blogs\/wp-json\/wp\/v2\/types\/post"}],"author":[{"embeddable":true,"href":"http:\/\/lars-decker.de\/blogs\/wp-json\/wp\/v2\/users\/1"}],"replies":[{"embeddable":true,"href":"http:\/\/lars-decker.de\/blogs\/wp-json\/wp\/v2\/comments?post=1846"}],"version-history":[{"count":1,"href":"http:\/\/lars-decker.de\/blogs\/wp-json\/wp\/v2\/posts\/1846\/revisions"}],"predecessor-version":[{"id":1847,"href":"http:\/\/lars-decker.de\/blogs\/wp-json\/wp\/v2\/posts\/1846\/revisions\/1847"}],"wp:attachment":[{"href":"http:\/\/lars-decker.de\/blogs\/wp-json\/wp\/v2\/media?parent=1846"}],"wp:term":[{"taxonomy":"category","embeddable":true,"href":"http:\/\/lars-decker.de\/blogs\/wp-json\/wp\/v2\/categories?post=1846"},{"taxonomy":"post_tag","embeddable":true,"href":"http:\/\/lars-decker.de\/blogs\/wp-json\/wp\/v2\/tags?post=1846"}],"curies":[{"name":"wp","href":"https:\/\/api.w.org\/{rel}","templated":true}]}}