{"id":1844,"date":"2020-06-23T14:28:27","date_gmt":"2020-06-23T14:28:27","guid":{"rendered":"http:\/\/lars-decker.de\/blogs\/?p=1844"},"modified":"2020-06-21T15:50:13","modified_gmt":"2020-06-21T15:50:13","slug":"rencontre-berry","status":"publish","type":"post","link":"http:\/\/lars-decker.de\/blogs\/2020\/06\/23\/rencontre-berry\/","title":{"rendered":"Rencontre Berry"},"content":{"rendered":"<p>Si\u00e8ge social administratif : 60, rue La Bo\u00e9tie 75 008 Paris France New US Truckpictures added June 12, 2020 21 hours ago Rencontres : Les Petites Heures du duc Jean de Berry Paris, 6 janvier 2015 Le blog de lAPAHAU Drina Candilis-Huisman est psychanalyste, psychologue clinicienne, directrice de recherche HDR, universit\u00e9 de Paris-Diderot. 47 rue des Morillons-75015 PARIS 4 bis, rue de la R\u00e9publique-78920 ECQUEVILLY Aidez-nous \u00e0 am\u00e9liorer notre site en r\u00e9pondant \u00e0 notre questionnaire. En mai 2011, le GRPM est parti \u00e0 la red\u00e9couverte des peintures murales du Bas-Berry, r\u00e9gion, correspondant globalement \u00e0 lactuel d\u00e9partement de lIndre et offrant un large \u00e9ventail de peintures murales m\u00e9di\u00e9vales. If you are at an office or shared network, you can ask the network administrator to run a scan across the network looking for misconfigured or infected devices. A post shared by richardberryofficiel on Feb 19, 2019 at 9:56am PST  Berry-au-Bac, Fran\u00e7ais et Allemands une exp\u00e9rience partag\u00e9e Il prend cependant ici une importance particuli\u00e8re : pour la premi\u00e8re fois, chaque mois occupe deux pages et est illustr\u00e9 dune miniature en pleine page. Par ailleurs, le calendrier inclut des donn\u00e9es astronomiques qui atteignent un degr\u00e9 de pr\u00e9cision jamais atteint jusqualors. La page de texte contient plusieurs colonnes, de gauche \u00e0 droite : la premi\u00e8re est consacr\u00e9 au, qui permet le calcul entre les calendriers solaire et lunaire, la deuxi\u00e8me compte la, la troisi\u00e8me et quatri\u00e8me contiennent le d\u00e9compte mensuel des jours conform\u00e9ment au et la cinqui\u00e8me colonne une liste de saints en fran\u00e7ais pour chaque jour. La sixi\u00e8me colonne, beaucoup plus rare dans les calendriers de l\u00e9poque, contient la dur\u00e9e de chaque jour diurne en heures et minutes. Enfin, la septi\u00e8me colonne, exceptionnelle, donne un nouveau nombre dor, d\u00e9cal\u00e9 par rapport au nombre dor astronomique traditionnel de la premi\u00e8re colonne. \u00c0 PROPOS DE NOUSPour sinscrire \u00e0 notre newsletter, remplissez le formulaire ci-dessous : <img decoding=\"async\" src=\"http:\/\/image-parcours.copainsdavant.com\/image\/750\/1301704099\/3192423.jpg\" alt=\"rencontre berry\" align=\"center\">  David Pfeffer, Albert-Ludwigs-Universit\u00e4t Freiburg <img decoding=\"async\" src=\"http:\/\/theberrics.com\/media\/video\/cache\/1\/video\/700x400\/af097278c5db4767b0fe9bb92fe21690\/thumbnail\/b\/a\/bangin4_alexsorgente.jpg\" alt=\"rencontre berry\" align=\"center\"> Compte rendu initialement publi\u00e9 in: Francia-Recensio 20153 19.20. Jahrhundert Histoire contemporaine le 11 septembre 2015. <img decoding=\"async\" src=\"http:\/\/theberrics.com\/media\/wysiwyg\/yoonivision_sewa_rev.jpg\" alt=\"rencontre berry\" align=\"center\">  Pour accompagner les entrepreneurs pendant cette p\u00e9riode difficile, lApm a mis en place un barom\u00e8tre bimensuel. Sont-ils confiants \u00e0 lheure du d\u00e9confinement progressif, quelles dispositions ont-ils prises pour reprendre progressivement lactivit\u00e9, comment envisagent-ils lavenir et enfin quattendent-ils concr\u00e8tement de lApm dans cette p\u00e9riode? Voici, sans attendre, les enseignements de la deuxi\u00e8me vague recueillis en ligne,.<\/p>\n","protected":false},"excerpt":{"rendered":"<p>rencontre berry<\/p>\n","protected":false},"author":1,"featured_media":0,"comment_status":"closed","ping_status":"closed","sticky":false,"template":"","format":"standard","meta":{"neve_meta_sidebar":"","neve_meta_container":"","neve_meta_enable_content_width":"","neve_meta_content_width":0,"neve_meta_title_alignment":"","neve_meta_author_avatar":"","neve_post_elements_order":"","neve_meta_disable_header":"","neve_meta_disable_footer":"","neve_meta_disable_title":""},"categories":[1],"tags":[],"_links":{"self":[{"href":"http:\/\/lars-decker.de\/blogs\/wp-json\/wp\/v2\/posts\/1844"}],"collection":[{"href":"http:\/\/lars-decker.de\/blogs\/wp-json\/wp\/v2\/posts"}],"about":[{"href":"http:\/\/lars-decker.de\/blogs\/wp-json\/wp\/v2\/types\/post"}],"author":[{"embeddable":true,"href":"http:\/\/lars-decker.de\/blogs\/wp-json\/wp\/v2\/users\/1"}],"replies":[{"embeddable":true,"href":"http:\/\/lars-decker.de\/blogs\/wp-json\/wp\/v2\/comments?post=1844"}],"version-history":[{"count":1,"href":"http:\/\/lars-decker.de\/blogs\/wp-json\/wp\/v2\/posts\/1844\/revisions"}],"predecessor-version":[{"id":1845,"href":"http:\/\/lars-decker.de\/blogs\/wp-json\/wp\/v2\/posts\/1844\/revisions\/1845"}],"wp:attachment":[{"href":"http:\/\/lars-decker.de\/blogs\/wp-json\/wp\/v2\/media?parent=1844"}],"wp:term":[{"taxonomy":"category","embeddable":true,"href":"http:\/\/lars-decker.de\/blogs\/wp-json\/wp\/v2\/categories?post=1844"},{"taxonomy":"post_tag","embeddable":true,"href":"http:\/\/lars-decker.de\/blogs\/wp-json\/wp\/v2\/tags?post=1844"}],"curies":[{"name":"wp","href":"https:\/\/api.w.org\/{rel}","templated":true}]}}