{"id":1752,"date":"2020-06-22T16:49:08","date_gmt":"2020-06-22T16:49:08","guid":{"rendered":"http:\/\/lars-decker.de\/blogs\/?p=1752"},"modified":"2020-06-21T14:06:47","modified_gmt":"2020-06-21T14:06:47","slug":"rencontre-petain-hitler","status":"publish","type":"post","link":"http:\/\/lars-decker.de\/blogs\/2020\/06\/22\/rencontre-petain-hitler\/","title":{"rendered":"Rencontre Petain Hitler"},"content":{"rendered":"<p>LAngle terre. P\u00e9tain fit observer que, dans ces conditions, il fallait au moins prendre des mesures pour assurer un retour prochain des prisonniers.  Le vice-pr\u00e9sident Pierre Laval a eu lid\u00e9e de ce rendez-vous en apprenant que Hitler revenait en train de Hendaye o\u00f9 il \u00e9tait all\u00e9 rencontrer Franco, dictateur en Espagne 4.4. Discours de P\u00c3tain apr\u00c3s l\u00c2entrevue de Montoire\u00c2 : 30 octobre 1940 La photo montre la poign\u00e9e de main entre les deux hommes. \u00c0 larri\u00e8re plan, le Dr. Paul Schmidt, interpr\u00e8te de Hitler et sur la droite, von Ribbentrop, ministre des Affaires \u00e9trang\u00e8res. Les majorit\u00e9 des hommes de lIle de Sein rejoignent lAngleterre Le 1er septembre 1939, larm\u00e9e allemande dirig\u00e9e par Hitler envahit la Pologne. Deux jours apr\u00e8s, le 3 Septembre 1939, la France et le Royaume-Uni d\u00e9clarent la guerre \u00e0 lAllemagne. La Seconde guerre Mondiale d\u00e9bute. <img decoding=\"async\" src=\"http:\/\/hgv85.free.fr\/minisites\/3-P1-C4-3-2009\/3P1C43Livre22009\/petain_hitler.jpg\" alt=\"rencontre petain hitler\" align=\"center\"> majorit\u00e9 des Fran\u00e7ais a pour principal souci la recherche dune nourriture cabinet du mar\u00e9chal P\u00e9tain, alors vice-pr\u00e9sident du Conseil sup\u00e9rieur de la guerre, puis est affect\u00e9 au secr\u00e9tariat g\u00e9n\u00e9ral de la D\u00e9fense nationale 1932-1937. Larousse des noms propres Oui, a priori, ou placement chez je ne sais qui, on a jamais su. De mani\u00e8re critique, \u00e0 lensemble des informations tir\u00e9es Louvrage ne r\u00e9unit quun \u00e9chantillon de ce que nous avons trouv\u00e9. Parmi les anagrammes recal\u00e9es, citons : le chat de Schr\u00f6dinger qui donne le choc dhier est grand ; le M\u00e9diator, la mort id\u00e9ale ; last but not least, The Rolling Stones le plus grand groupe du monde, nest-ce pas? qui donne Song to rest in hell, en lointain \u00e9cho \u00e0 leur chanson Sympathy for the devil Lattente fut longue.. Mais elle en valait la peine. Toute le\u0301quipe Scuse my Custom vous remercie davoir e\u0301te\u0301 si patients, nos nouveaux custom en Vinyle polyme\u0300res re\u0301sistants ainsi nos custom peinture seront de\u0301sormais disponibles. Il reste tr\u00e8s peu darchives du passage du mar\u00e9chal P\u00e9tain dans laire urbaine et pourtant les historiens savent tout de son s\u00e9jour gr\u00e2ce notamment \u00e0 de nombreux documents retrouv\u00e9s \u00e0 la pr\u00e9fecture du Territoire de Belfort. Le chef du gouvernement Pierre Laval collabore toujours avec les Allemands. Contrairement au mar\u00e9chal P\u00e9tain, il ne se consid\u00e8re pas comme leur prisonnier et il accepte, sans difficult\u00e9, d\u00eatre conduit \u00e0 Belfort. Il est dailleurs rejoint par plusieurs membres de son gouvernement. Les associations de r\u00e9sistants et de victimes du nazisme avaient  <img decoding=\"async\" src=\"http:\/\/www.class.orthodoxheadcoverings.com\/wp-content\/uploads\/2018\/05\/32746472_1616419571810474_7130342763077304320_o-1-360x240.jpg\" alt=\"rencontre petain hitler\" align=\"left\"> En somme, pour Fran\u00e7ois Delpla, tout, s agissant des grandes d\u00e9cisions imput\u00e9es au gouvernement de la zone dit libre, s est fait sous contr\u00f4le \u00e9troit de l appareil nazi, lui-m\u00eame clairement aux mains de son d\u00e9cid\u00e9ment habile F\u00fchrer. Vichy, un \u00c9tat fantoche, responsable de rien ou presque? Puisse cet ouvrage, passionnant et dont je vous recommande chaleureusement la lecture, \u00eatre vers\u00e9 parmi les pi\u00e8ces des d\u00e9bats futurs, qu on esp\u00e8re moins hyst\u00e9ris\u00e9s mais davantage \u00e9clair\u00e9s, pour appr\u00e9hender l histoire de la seule mani\u00e8re qui tienne : avec intelligence et s\u00e9r\u00e9nit\u00e9.Une interview exclusive 20-21 janvier Paroles dActu Par. 13 ao\u00fbt : Premier attentat \u00e0 Paris contre un officier allemand, tu\u00e9 par deux jeunes communistes. Les membres qui ont consult\u00e9 cet objet ont \u00e9galement regard\u00e9 <img decoding=\"async\" src=\"http:\/\/comite-valmy.org\/IMG\/jpg\/rencontre_hitler_mussolini_9_mai_1938_europe.jpg\" alt=\"rencontre petain hitler\" align=\"left\"> .<\/p>\n","protected":false},"excerpt":{"rendered":"<p>rencontre petain hitler<\/p>\n","protected":false},"author":1,"featured_media":0,"comment_status":"closed","ping_status":"closed","sticky":false,"template":"","format":"standard","meta":{"neve_meta_sidebar":"","neve_meta_container":"","neve_meta_enable_content_width":"","neve_meta_content_width":0,"neve_meta_title_alignment":"","neve_meta_author_avatar":"","neve_post_elements_order":"","neve_meta_disable_header":"","neve_meta_disable_footer":"","neve_meta_disable_title":""},"categories":[1],"tags":[],"_links":{"self":[{"href":"http:\/\/lars-decker.de\/blogs\/wp-json\/wp\/v2\/posts\/1752"}],"collection":[{"href":"http:\/\/lars-decker.de\/blogs\/wp-json\/wp\/v2\/posts"}],"about":[{"href":"http:\/\/lars-decker.de\/blogs\/wp-json\/wp\/v2\/types\/post"}],"author":[{"embeddable":true,"href":"http:\/\/lars-decker.de\/blogs\/wp-json\/wp\/v2\/users\/1"}],"replies":[{"embeddable":true,"href":"http:\/\/lars-decker.de\/blogs\/wp-json\/wp\/v2\/comments?post=1752"}],"version-history":[{"count":1,"href":"http:\/\/lars-decker.de\/blogs\/wp-json\/wp\/v2\/posts\/1752\/revisions"}],"predecessor-version":[{"id":1753,"href":"http:\/\/lars-decker.de\/blogs\/wp-json\/wp\/v2\/posts\/1752\/revisions\/1753"}],"wp:attachment":[{"href":"http:\/\/lars-decker.de\/blogs\/wp-json\/wp\/v2\/media?parent=1752"}],"wp:term":[{"taxonomy":"category","embeddable":true,"href":"http:\/\/lars-decker.de\/blogs\/wp-json\/wp\/v2\/categories?post=1752"},{"taxonomy":"post_tag","embeddable":true,"href":"http:\/\/lars-decker.de\/blogs\/wp-json\/wp\/v2\/tags?post=1752"}],"curies":[{"name":"wp","href":"https:\/\/api.w.org\/{rel}","templated":true}]}}