{"id":1542,"date":"2020-06-22T18:25:51","date_gmt":"2020-06-22T18:25:51","guid":{"rendered":"http:\/\/lars-decker.de\/blogs\/?p=1542"},"modified":"2020-06-21T10:51:31","modified_gmt":"2020-06-21T10:51:31","slug":"lieu-de-rencontre-bas-rhin","status":"publish","type":"post","link":"http:\/\/lars-decker.de\/blogs\/2020\/06\/22\/lieu-de-rencontre-bas-rhin\/","title":{"rendered":"Lieu De Rencontre Bas Rhin"},"content":{"rendered":"<p>Cest lapr\u00e8s-midi, le soir ou le matin, vous \u00eates en plein centre dHaguenau, et vous avez tr\u00e8s envie dune rencontre gay, alors rendez-vous dans les toilettes publiques juste \u00e0 c\u00f4t\u00e9 du magasin Armand Thierry dans une petite ruelle. Toilettes sympas, propres, discr\u00e8tes, propices au plan Q gay. Des matures, des arabes, des blacks, plein dhomosexuels, dispos pour sodo, plaisir anal, branle, ou encore travail des couilles. Toilettes publiques Auchan dIllkirch mardi 2 juin 2020travesti en fourrure et laine angora et mohair avec dessous coquin Plan dacc\u00e8s DSDEN Haut-Rhin 52-54 avenue de la R\u00e9publique-68017 Colmar Cedex Le port du masque a \u00e9t\u00e9 instaur\u00e9 dans les transports et les magasins. Strasbourg-40 ans-Sandrine sm-sand. Lorganisation de temps d\u00e9changes et de rencontres pour f\u00e9d\u00e9rer les b\u00e9n\u00e9voles en dehors dun cadre organisationnel hors \u00e9v\u00e9nement donc. Cr\u00e9ation dun r\u00e9seau inter-clubs. <img decoding=\"async\" src=\"http:\/\/hardbat-france.fr\/images\/icagenda\/files\/8eme_Tournoi_OPEN_2018.jpg\" alt=\"lieu de rencontre bas rhin\" align=\"right\">  confiance homme c\u00e9libataire de 44 ans cherche femme pour rencontre s\u00e9rieuse Pays: R\u00e9gionProvince: R\u00e9gionProvince: Mise \u00e0 jour du formulaire..  17h36 : Avis aux sportifs! Afin daider les internautes \u00e0 se d\u00e9penser tout en restant \u00e0 la maison, l <img decoding=\"async\" src=\"http:\/\/www.ramdam.com\/IMG\/jpg\/printemps_de_sept_728x90px_bannierenumerique-page-001.jpg\" alt=\"lieu de rencontre bas rhin\" align=\"center\">. Appr\u00e9ci\u00e9s. J\u00e9tudie toutes propositions, je me d\u00e9place uniquement, plan nature si motivant, je peu porter un masque. R\u00e9gulier possible ou plan masqu\u00e9. Dispo plus facilement en journ\u00e9e. Assoiff\u00e9s \u00e0 vos claviers.. <img decoding=\"async\" src=\"http:\/\/www.atout-pecheur.com\/upload\/lieu\/0031\/160513-090520-l-8217-eichel_medium.jpg\" alt=\"lieu de rencontre bas rhin\" align=\"left\"> Les plus courageux pourront, apr\u00e8s leur retour au col Je suis une femme s\u00e9rieuse et honn\u00eate je recherche un homme s\u00e9rieux sinc\u00e8re et gentil Ce 8 mai, une cinquantaine de soci\u00e9taires de la section de la Haute-Garonne, et le d\u00e9l\u00e9gu\u00e9 g\u00e9n\u00e9ral de la SMLH, se sont r\u00e9unis virtuellement et symboliquement Meilleur site de rencontre gay \u00e0 Strasbourg. Des milliers dannonces gays Starsbourg pour plan cul ou relation s\u00e9rieuse. Lancez-vous, cest GRATUIT et s\u00fbr! charmant quinqua pour de tr\u00e8s agr\u00e9ables rencontres, complicit\u00e9 avec femme charmante et f\u00e9minine n\u00e9olithique environ 3000 ans av J-C. Des vestiges denceinte fortifi\u00e9e  Nh\u00e9sitez pas \u00e0 les joindre, ils sont l\u00e0 pour \u00eatre \u00e0 votre \u00e9coute.<\/p>\n","protected":false},"excerpt":{"rendered":"<p>lieu de rencontre bas rhin<\/p>\n","protected":false},"author":1,"featured_media":0,"comment_status":"closed","ping_status":"closed","sticky":false,"template":"","format":"standard","meta":{"neve_meta_sidebar":"","neve_meta_container":"","neve_meta_enable_content_width":"","neve_meta_content_width":0,"neve_meta_title_alignment":"","neve_meta_author_avatar":"","neve_post_elements_order":"","neve_meta_disable_header":"","neve_meta_disable_footer":"","neve_meta_disable_title":""},"categories":[1],"tags":[],"_links":{"self":[{"href":"http:\/\/lars-decker.de\/blogs\/wp-json\/wp\/v2\/posts\/1542"}],"collection":[{"href":"http:\/\/lars-decker.de\/blogs\/wp-json\/wp\/v2\/posts"}],"about":[{"href":"http:\/\/lars-decker.de\/blogs\/wp-json\/wp\/v2\/types\/post"}],"author":[{"embeddable":true,"href":"http:\/\/lars-decker.de\/blogs\/wp-json\/wp\/v2\/users\/1"}],"replies":[{"embeddable":true,"href":"http:\/\/lars-decker.de\/blogs\/wp-json\/wp\/v2\/comments?post=1542"}],"version-history":[{"count":1,"href":"http:\/\/lars-decker.de\/blogs\/wp-json\/wp\/v2\/posts\/1542\/revisions"}],"predecessor-version":[{"id":1543,"href":"http:\/\/lars-decker.de\/blogs\/wp-json\/wp\/v2\/posts\/1542\/revisions\/1543"}],"wp:attachment":[{"href":"http:\/\/lars-decker.de\/blogs\/wp-json\/wp\/v2\/media?parent=1542"}],"wp:term":[{"taxonomy":"category","embeddable":true,"href":"http:\/\/lars-decker.de\/blogs\/wp-json\/wp\/v2\/categories?post=1542"},{"taxonomy":"post_tag","embeddable":true,"href":"http:\/\/lars-decker.de\/blogs\/wp-json\/wp\/v2\/tags?post=1542"}],"curies":[{"name":"wp","href":"https:\/\/api.w.org\/{rel}","templated":true}]}}