{"id":1432,"date":"2020-06-22T23:42:23","date_gmt":"2020-06-22T23:42:23","guid":{"rendered":"http:\/\/lars-decker.de\/blogs\/?p=1432"},"modified":"2020-06-21T09:34:34","modified_gmt":"2020-06-21T09:34:34","slug":"rencontre-femmes-bretigny-sur-orge","status":"publish","type":"post","link":"http:\/\/lars-decker.de\/blogs\/2020\/06\/22\/rencontre-femmes-bretigny-sur-orge\/","title":{"rendered":"Rencontre Femmes Bretigny Sur Orge"},"content":{"rendered":"<p>Annonces de rencontres \u00e9changistes et libertines sur Bretigny sur orge LUdaf recherche des t\u00e9moignages de parents, d\u00e9l\u00e8ves, denseignants ou dacteurs \u00e9ducatifs pour illustrer son prochain guide familles\u00e9cole : accompagner ensemble lenfant vers sa r\u00e9ussite. Poste \u00e0 pourvoir imm\u00e9diatement en CDD de 6 mois sur nos agences dEvry, Bretigny et Melun.   <img decoding=\"async\" src=\"http:\/\/www.minelli.fr\/media-607\/catalog\/product\/cache\/1\/image\/1224x1350\/9df78eab33525d08d6e5fb8d27136e95\/6\/x\/sandale-madison-3_synthetique_platine_minelli-43af26ea5700eccf7a427f700c34534f-c.jpg\" alt=\"rencontre femmes bretigny sur orge\" align=\"center\"> Elargissez vos rencontres amoureuses gratuites, d\u00e9couvrez la liste des femmes inscrites sur le d\u00e9partement ESSONNE 91 LAF dEvry organise une bourse aux vetements le 7 octobre 2017 \u00e0 la mairie annexe dEvry place du g\u00e9n\u00e9ral de Gaulle. Je suis a la recherche d une relation serieuse pas de plan j adore le zouk love j \u00e9coute que \u00e7a j a\u00efs plut\u00f4t tr\u00e8s fort caract\u00e8re.. Bonjour, je recherche une experience avec un homme afin dexplorer ma sexualit\u00e9, je suis petit maigre et brun, je suis ouvert a tout mais je voudrais un maximum de 25ans..  <img decoding=\"async\" src=\"http:\/\/www.durrantgs.tk\/wp-content\/uploads\/2018\/07\/charlize-theron-tully-cinema-324x235.jpg\" alt=\"rencontre femmes bretigny sur orge\" align=\"left\"> Moto routi\u00e8re balades et voyages, romans et essais, course \u00e0 pied, andouillette accompagn\u00e9e de frites et haricots verts, Stephen King, cosmologie, The big bang theory, caf\u00e9 avec un carr\u00e9 de chocolat noir.. Je suis dans un premier temps \u00e0 la recherche damiti\u00e9 et peut-\u00eatre plus si affinit\u00e9s.Jhabite en Guyane mais mon d\u00e9m\u00e9nagement vers la m\u00e9tropole est pr\u00e9vu pour au plutard le 01 avrilpas de poisson davril lol : Lassociation familiale G\u00e9n\u00e9ration II Citoyennet\u00e9 Int\u00e9gration avait r\u00e9pondu en avril 2015 \u00e0 un appel a projet du Conseil R\u00e9gional dIle-de-France dune dur\u00e9e de 13 mois sur le dispositif Tables Locales des Quartiers intitul\u00e9 Les jeunes croisent leurs regards sur les valeurs de la R\u00e9publique pour le Mieux Vivre-ensemble. Je pourrais raconter pleine de chose sur moi mais rien de mieux quune discussion pour en parler ;. R\u00e9gion: Coucou,c\u00e9libataire d\u00e9sirant partager, accompagner, Je fais le m\u00e9nage chez moi, mes grands-parents et des amis de ceux-ci et na rarement re\u00e7u de critiques sur ma mani\u00e8re de lentretien. Jaime particuli\u00e8rement les fleurs car jen poss\u00e8de et aime les trait\u00e9s pour les voirs en bonne sant\u00e9 : Meetic : trouvez lamour sur notre site de rencontre <img decoding=\"async\" src=\"http:\/\/photos.gammvert.fr\/v5\/products\/full\/45336-cisaille-a-gazon-accucut-li-gardena-2.jpg\" alt=\"rencontre femmes bretigny sur orge\" align=\"left\"> Et bien dautres choses quon te laisse d\u00e9couvrir..<\/p>\n","protected":false},"excerpt":{"rendered":"<p>rencontre femmes bretigny sur orge<\/p>\n","protected":false},"author":1,"featured_media":0,"comment_status":"closed","ping_status":"closed","sticky":false,"template":"","format":"standard","meta":{"neve_meta_sidebar":"","neve_meta_container":"","neve_meta_enable_content_width":"","neve_meta_content_width":0,"neve_meta_title_alignment":"","neve_meta_author_avatar":"","neve_post_elements_order":"","neve_meta_disable_header":"","neve_meta_disable_footer":"","neve_meta_disable_title":""},"categories":[1],"tags":[],"_links":{"self":[{"href":"http:\/\/lars-decker.de\/blogs\/wp-json\/wp\/v2\/posts\/1432"}],"collection":[{"href":"http:\/\/lars-decker.de\/blogs\/wp-json\/wp\/v2\/posts"}],"about":[{"href":"http:\/\/lars-decker.de\/blogs\/wp-json\/wp\/v2\/types\/post"}],"author":[{"embeddable":true,"href":"http:\/\/lars-decker.de\/blogs\/wp-json\/wp\/v2\/users\/1"}],"replies":[{"embeddable":true,"href":"http:\/\/lars-decker.de\/blogs\/wp-json\/wp\/v2\/comments?post=1432"}],"version-history":[{"count":1,"href":"http:\/\/lars-decker.de\/blogs\/wp-json\/wp\/v2\/posts\/1432\/revisions"}],"predecessor-version":[{"id":1433,"href":"http:\/\/lars-decker.de\/blogs\/wp-json\/wp\/v2\/posts\/1432\/revisions\/1433"}],"wp:attachment":[{"href":"http:\/\/lars-decker.de\/blogs\/wp-json\/wp\/v2\/media?parent=1432"}],"wp:term":[{"taxonomy":"category","embeddable":true,"href":"http:\/\/lars-decker.de\/blogs\/wp-json\/wp\/v2\/categories?post=1432"},{"taxonomy":"post_tag","embeddable":true,"href":"http:\/\/lars-decker.de\/blogs\/wp-json\/wp\/v2\/tags?post=1432"}],"curies":[{"name":"wp","href":"https:\/\/api.w.org\/{rel}","templated":true}]}}