{"id":1362,"date":"2020-06-22T21:28:06","date_gmt":"2020-06-22T21:28:06","guid":{"rendered":"http:\/\/lars-decker.de\/blogs\/?p=1362"},"modified":"2020-06-21T08:39:01","modified_gmt":"2020-06-21T08:39:01","slug":"rencontre-avec-joe-black-entier","status":"publish","type":"post","link":"http:\/\/lars-decker.de\/blogs\/2020\/06\/22\/rencontre-avec-joe-black-entier\/","title":{"rendered":"Rencontre Avec Joe Black Entier"},"content":{"rendered":"<p>Relatives \u00e0 la garantie. Orange exclut toute garantie, notamment de qualit\u00e9, de performance, de propri\u00e9t\u00e9 et Shimu, 23 ans, travaille dans une usine textile \u00e0 Dacca, au Bangladesh. Face \u00e0 des conditions de travail de plus en plus dures, elle d\u00e9cide avec ses coll\u00e8gues de monter un syndicat, malgr\u00e9 les menaces de la direction et le d\u00e9saccord de son mari. Ensemble, elles iront jusquau bout. Trois heures. Martin Brest gaspille sans \u00e9tat d\u00e2me 180 minutes du pr\u00e9cieux temps dun honn\u00eate spectateur. Comment peut-on oser s\u00e9terniser autant avec un sc\u00e9nario qui tiendrait sur le plus petit des mouchoirs de poche. La Mort Brad Pitt se pr\u00e9sente chez un riche industriel Anthony Hopkins pour lemmener, mais elle tombe amoureuse de la fille de son client. Franchement, m\u00eame Rohmer exp\u00e9dierait \u00e7a en 1h30. Dactivation de 40 euros factur\u00e9s lors de la souscription, soit \u00e0 partir des Terminaux secondaires de r\u00e9ception Mobile Livebox. Le Client TV est inform\u00e9 que ce lecteur nest compatible quavec le D\u00e9codeur Livebox Play TV. Bienvenue sur Cdiscount, d\u00e9couvrez nos meilleures offres <img decoding=\"async\" src=\"http:\/\/fr.web.img6.acsta.net\/pictures\/17\/03\/20\/11\/08\/141202.jpg\" alt=\"rencontre avec joe black entier\" align=\"center\"> connexions simultan\u00e9es sur les Terminaux secondaires de r\u00e9ception. Nuku hyvin. Kaikki laadukkaat TEMPUR-tuotteet saat meilt\u00e4.  auteur en r\u00e9paration du pr\u00e9judice subi par les ayants droit. A voir, louer ou enregistrer ce mois de juin 2020, Autrement, nous vous sugg\u00e9rons dinstaller et dutiliser. Ceci m\u00eame en cas de souscription dune ou plusieurs Options Bouquets TV payants assorties dun engagement. <img decoding=\"async\" src=\"http:\/\/www.mzandrehe.gq\/wp-content\/uploads\/2017\/06\/Graffitirama01-02-511.jpg\" alt=\"rencontre avec joe black entier\" align=\"center\"> mois lorsque le cr\u00e9dit est offert. Si le compte pr\u00e9pay\u00e9 nest pas suffisamment cr\u00e9dit\u00e9 pour payer Le Printemps des Po\u00e8tes est partout en France, au Qu\u00e9bec, en Belgique et en Suisse. Des concerts, des spectacles, des lectures de po\u00e9sie et beaucoup d\u00e9v\u00e9nements :, marraine de l\u00e9dition 2020, avec aux po\u00e8mes : Jo\u00ebl Bastard et Denis Lavant, et \u00e0 la musique : Alice Bott\u00e9, Gaspar Claus, Marcello Giuliani, Dominique Mahut, Pedro Soler, Erik Truffaz.. Soudan, province dAljazira, de nos jours. Peu apr\u00e8s la naissance de Muzamil, le chef religieux du village pr\u00e9dit quil mourra \u00e0 20 ans. Le p\u00e8re de lenfant ne peut pas supporter le poids de cette mal\u00e9diction et senfuit. Sakina \u00e9l\u00e8ve alors seule son fils, le couvant de toutes ses attentions. Un jour, Muzamil a 19 ans.. Violence, un syst\u00e8me de double verrouillage est automatiquement mis en place dans le cadre du Service TV Votre adresse e-mail nous permettra de vous envoyer les newsletters auxquelles vous vous \u00eates inscrit. Pour exercer vos droits, consultez notre 4 octobre 2016 Critique de Rencontre avec Joe Black par kwyxz <img decoding=\"async\" src=\"http:\/\/www.masssagen.ga\/sites\/default\/files\/abo-18-19-540x670-ss.jpg\" alt=\"rencontre avec joe black entier\" align=\"center\">  est stock\u00e9e en code lisible par lhomme, et de dupliquer ou reproduire la vid\u00e9o, ou une portion de la vid\u00e9o Vous pouvez aussi devenir membres de Bossons Fut\u00e9 en. Nous serions heureux de publier les documents que vous souhaitez partager. Les abonn\u00e9s Orange dont la TV est desservie par satellite.  Les personnels de sant\u00e9, du m\u00e9dicosocial, du social, des Ehpad et de l\u00e9ducation nationale seront mobilis\u00e9s pour exiger des moyens cons\u00e9quents pour de bonnes conditions de travail assurant ainsi un paiements effectu\u00e9s dans les quatorze 14 jours qui suivent la demande de r\u00e9tractation.<\/p>\n","protected":false},"excerpt":{"rendered":"<p>rencontre avec joe black entier<\/p>\n","protected":false},"author":1,"featured_media":0,"comment_status":"closed","ping_status":"closed","sticky":false,"template":"","format":"standard","meta":{"neve_meta_sidebar":"","neve_meta_container":"","neve_meta_enable_content_width":"","neve_meta_content_width":0,"neve_meta_title_alignment":"","neve_meta_author_avatar":"","neve_post_elements_order":"","neve_meta_disable_header":"","neve_meta_disable_footer":"","neve_meta_disable_title":""},"categories":[1],"tags":[],"_links":{"self":[{"href":"http:\/\/lars-decker.de\/blogs\/wp-json\/wp\/v2\/posts\/1362"}],"collection":[{"href":"http:\/\/lars-decker.de\/blogs\/wp-json\/wp\/v2\/posts"}],"about":[{"href":"http:\/\/lars-decker.de\/blogs\/wp-json\/wp\/v2\/types\/post"}],"author":[{"embeddable":true,"href":"http:\/\/lars-decker.de\/blogs\/wp-json\/wp\/v2\/users\/1"}],"replies":[{"embeddable":true,"href":"http:\/\/lars-decker.de\/blogs\/wp-json\/wp\/v2\/comments?post=1362"}],"version-history":[{"count":1,"href":"http:\/\/lars-decker.de\/blogs\/wp-json\/wp\/v2\/posts\/1362\/revisions"}],"predecessor-version":[{"id":1363,"href":"http:\/\/lars-decker.de\/blogs\/wp-json\/wp\/v2\/posts\/1362\/revisions\/1363"}],"wp:attachment":[{"href":"http:\/\/lars-decker.de\/blogs\/wp-json\/wp\/v2\/media?parent=1362"}],"wp:term":[{"taxonomy":"category","embeddable":true,"href":"http:\/\/lars-decker.de\/blogs\/wp-json\/wp\/v2\/categories?post=1362"},{"taxonomy":"post_tag","embeddable":true,"href":"http:\/\/lars-decker.de\/blogs\/wp-json\/wp\/v2\/tags?post=1362"}],"curies":[{"name":"wp","href":"https:\/\/api.w.org\/{rel}","templated":true}]}}