{"id":1228,"date":"2020-06-22T23:04:42","date_gmt":"2020-06-22T23:04:42","guid":{"rendered":"http:\/\/lars-decker.de\/blogs\/?p=1228"},"modified":"2020-06-21T07:19:59","modified_gmt":"2020-06-21T07:19:59","slug":"rencontres-economiques-de-schiltigheim","status":"publish","type":"post","link":"http:\/\/lars-decker.de\/blogs\/2020\/06\/22\/rencontres-economiques-de-schiltigheim\/","title":{"rendered":"Rencontres \u00c9conomiques De Schiltigheim"},"content":{"rendered":"<p>La v\u00e9rification e-mail a \u00e9chou\u00e9, veuillez r\u00e9essayer Vous travaillerez sous la responsabilit\u00e9 du Chef de service. Vous m\u00e8nerez des actions collectives et individuelles aupr\u00e8s de familles en difficu.. Songez \u00e0 solliciter le pour payer votre permis de conduire \u00e0 votre rythme, cest un financement gratuit, consacr\u00e9 aux 15 \u00e0 25 ans. <img decoding=\"async\" src=\"http:\/\/www.arpd.fr\/uploaded\/sophie6.jpg\" alt=\"rencontres \u00e9conomiques de schiltigheim\" align=\"center\">  Code R\u00e9ussite Pack complet : Formation au Code en ligne Place dexamen avec notre partenaire La Poste Michel Aglietta, Agn\u00e8s B\u00e9nassy-Qu\u00e9r\u00e9, J\u00e9r\u00f4me Chartier, Christian Chavagneux, J\u00e9zabel Couppey-Soubeyran, Brigitte Dormont, Sylvie Goulard, Alain Lamassoure, Fran\u00e7oise Lemoine, Enrico Letta, Jean-Pierre Landau, Jean-Herv\u00e9 Lorenzi, Thierry Philipponnat, Thomas Piketty, Dominique Roux, Pascal Saint-Amans, Jacques Sapir, Jean-Marc Siro\u00ebn, \u00c9tienne Wasmer. Le plan de circulation sera revu dans la perspective de remettre certaines rues \u00e0 double sens. En effet, devoir faire le tour de tout un quartier pour rallier un point peu \u00e9loign\u00e9 complique inutilement la vie des riverains et g\u00e9n\u00e8re de la pollution \u00e9vitable. Par soucis de s\u00e9curit\u00e9 sanitaire la Ville de Strasbourg a bouscul\u00e9 son programme pour la saison estivale. Voici ce qui vous attend cet \u00e9t\u00e9 dans la capitale alsacienne. Conseil d\u00e9partemental du Bas-Rhin : les actualit\u00e9s services <img decoding=\"async\" src=\"http:\/\/www.mlg-consulting.com\/manager_cc\/docs\/archives\/clone_20151008121904_150824163720_150717181357-tn.png\" alt=\"rencontres \u00e9conomiques de schiltigheim\" align=\"center\"> Le 25 f\u00e9vr. 2020 par lhistorien Jean-Fran\u00e7ois Kovar pour lUniversit\u00e9 Populaire de.. <img decoding=\"async\" src=\"http:\/\/architecture.insa-strasbourg.fr\/wp-content\/uploads\/2016\/10\/journee-beton2.jpg\" alt=\"rencontres \u00e9conomiques de schiltigheim\" align=\"left\"> Apr\u00e8s trois mois de fermeture en raison de la crise sanitaire Covid, les \u00e9tablissements culturels du Conseil d\u00e9partemental du Bas-Rhin r\u00e9ouvriront progressivement leurs portes \u00e0 partir du 15 juin. Loffre de visite \u00e9voluera au fur et \u00e0 mesure de l\u00e9volution des restrictions sanitaires. Veuillez t\u00e9l\u00e9charger la derni\u00e8re version de votre navigateur. Nous offrons des opportunit\u00e9s \u00e0 linternational mais aussi des opportunit\u00e9s de travailler sur des projets transnationaux en interaction avec des \u00e9quipes pr\u00e9sentes dans diff\u00e9rents pays. Il y a eu trois anciens \u00e9l\u00e8ves de l\u00e9cole normale catholique de Strasbourg-Neudorf qui ont \u00e9t\u00e9 d\u00e9put\u00e9s sous la Ve R\u00e9publique : Alfred Muller, Aloyse Warhouver, d\u00e9put\u00e9 de Sarrebourg et Adrien Zeller. Ils ont en commun un parcours politique sinueux, tant\u00f4t dans telle majorit\u00e9, puis telle autre, jamais clairs ni pr\u00e9visibles quant \u00e0 leurs intentions. Ces trahisons seraient-elles attach\u00e9es au catholicisme de gauche de lest de la France? Capacit\u00e9s en termes danimation, de conduite et d\u00e9valuation de projets. Parce quen cr\u00e9ant une \u00e9preuve o\u00f9 le sport et la comp\u00e9tition deviennent loccasion dun moment de d\u00e9couverte et de solidarit\u00e9, \u00c0 la Conqu\u00eate de lEspace fait ainsi faire plus quun petit pas \u00e0 chacun de nous : hissant l\u00e9tendard dun tr\u00e8s bel \u00e9tat esprit, l\u00e9v\u00e9nement fait faire un bond de g\u00e9ant \u00e0 lhumanit\u00e9.  Aur\u00e9lien S. STRASBOURG Math\u00e9matiques, Aide aux devoirs Lassociation R.A.P. R\u00e9sistance \u00e0 lAgression Publicitaire a pour objet de lutter contre les effets n\u00e9gatifs de la publicit\u00e9 sur la soci\u00e9t\u00e9 et lenvironnement. Elle r\u00e9alise de lactivisme non violent de : Pour notre part, nous ne pr\u00e9sentons que des personnes nouvelles, sans appartenance politique, motiv\u00e9es et expertes dans leur secteur, dans le seul but de servir.  Andr\u00e9e Buchmann 8 rue de Mundolsheim 67300 Schiltigheim 115 Le service des Techniciens de lIntervention Sociale et Familiale emploi uniquement du personnel form\u00e9 au m\u00e9tier de Technicien de lIntervention Social et Familial ou de fa\u00e7on exceptionnelle de Conseiller en \u00c9conomie Sociale et Familiale. Ci dessous, voici une selection de 6 \u00e9coles de Schiltigheim. Pour consulter la liste compl\u00e8te des 13 \u00e9coles, merci de cliquer sur le lien en dessous.<\/p>\n","protected":false},"excerpt":{"rendered":"<p>rencontres \u00e9conomiques de schiltigheim<\/p>\n","protected":false},"author":1,"featured_media":0,"comment_status":"closed","ping_status":"closed","sticky":false,"template":"","format":"standard","meta":{"neve_meta_sidebar":"","neve_meta_container":"","neve_meta_enable_content_width":"","neve_meta_content_width":0,"neve_meta_title_alignment":"","neve_meta_author_avatar":"","neve_post_elements_order":"","neve_meta_disable_header":"","neve_meta_disable_footer":"","neve_meta_disable_title":""},"categories":[1],"tags":[],"_links":{"self":[{"href":"http:\/\/lars-decker.de\/blogs\/wp-json\/wp\/v2\/posts\/1228"}],"collection":[{"href":"http:\/\/lars-decker.de\/blogs\/wp-json\/wp\/v2\/posts"}],"about":[{"href":"http:\/\/lars-decker.de\/blogs\/wp-json\/wp\/v2\/types\/post"}],"author":[{"embeddable":true,"href":"http:\/\/lars-decker.de\/blogs\/wp-json\/wp\/v2\/users\/1"}],"replies":[{"embeddable":true,"href":"http:\/\/lars-decker.de\/blogs\/wp-json\/wp\/v2\/comments?post=1228"}],"version-history":[{"count":1,"href":"http:\/\/lars-decker.de\/blogs\/wp-json\/wp\/v2\/posts\/1228\/revisions"}],"predecessor-version":[{"id":1229,"href":"http:\/\/lars-decker.de\/blogs\/wp-json\/wp\/v2\/posts\/1228\/revisions\/1229"}],"wp:attachment":[{"href":"http:\/\/lars-decker.de\/blogs\/wp-json\/wp\/v2\/media?parent=1228"}],"wp:term":[{"taxonomy":"category","embeddable":true,"href":"http:\/\/lars-decker.de\/blogs\/wp-json\/wp\/v2\/categories?post=1228"},{"taxonomy":"post_tag","embeddable":true,"href":"http:\/\/lars-decker.de\/blogs\/wp-json\/wp\/v2\/tags?post=1228"}],"curies":[{"name":"wp","href":"https:\/\/api.w.org\/{rel}","templated":true}]}}